{"id":2899,"date":"2025-03-14T15:11:00","date_gmt":"2025-03-14T14:11:00","guid":{"rendered":"https:\/\/bulltec.it\/2025\/03\/14\/bulltec-rg-impianti-en-macfrut-2025-6-8-de-mayo-rimini\/"},"modified":"2026-04-22T17:48:53","modified_gmt":"2026-04-22T15:48:53","slug":"bulltec-rg-impianti-en-macfrut-2025-6-8-de-mayo-rimini","status":"publish","type":"post","link":"https:\/\/bulltec.it\/es\/2025\/03\/14\/bulltec-rg-impianti-en-macfrut-2025-6-8-de-mayo-rimini\/","title":{"rendered":"Bulltec \u2013 RG Impianti en Macfrut 2025, 6-8 de mayo, Rimini"},"content":{"rendered":"\n<p>Nos complace anunciar nuestra participaci\u00f3n en <strong>Macfrut 2025 \u2013 Fruit &amp; Veg Professional Show,<\/strong> que tendr\u00e1 lugar del <strong>6 al 8 de mayo de 2025 en el Rimini \u2013 Expo Cente<\/strong>r, donde presentaremos nuestras innovadoras soluciones para el procesamiento y selecci\u00f3n de hortalizas y tub\u00e9rculos bajo las marcas<strong> BULLTEC y RG Impiant<\/strong>i.<\/p>\n\n<p>En el sector hortofrut\u00edcola, <strong>la calidad, precisi\u00f3n y sostenibilidad<\/strong> son esenciales para seguir siendo competitivos. Nuestras tecnolog\u00edas y experiencia permiten <strong>optimizar los procesos productivos, reducir el desperdicio y mejorar el rendimiento<\/strong>, ofreciendo maquinaria a medida para cada necesidad. <\/p>\n\n<p>Con m\u00e1s de 40 a\u00f1os de experiencia, BULLTEC y RG Impianti combinan tradici\u00f3n e innovaci\u00f3n, ofreciendo<strong> l\u00edneas completas para el tratamiento de hortalizas y tub\u00e9rculos, calibradoras electr\u00f3nicas de \u00faltima generaci\u00f3n y sistemas patentados para el envasado con peso m\u00ednimo garantizado<\/strong>, asegurando la m\u00e1xima eficiencia y calidad.<\/p>\n\n<p>Macfrut 2025 es la oportunidad perfecta para descubrir nuestras soluciones y hablar con nuestro equipo de expertos. \u00a1Te esperamos! <\/p>\n\n<p>L\u2019attivit\u00e0 in questione \u00e8 cofinanziata dalle Camere di commercio dell\u2019Emilia-Romagna e dalla Regione Emilia-Romagna<\/p>\n\n<h4 class=\"wp-block-heading\">Pabell\u00f3n D1 \u2013 Stand 107<\/h4>\n\n<figure class=\"wp-block-image size-large\"><img fetchpriority=\"high\" decoding=\"async\" width=\"1024\" height=\"512\" src=\"https:\/\/bulltec.it\/wp-content\/uploads\/2026\/04\/Bulltec_RG_Macfrut_2025-1024x512.jpg\" alt=\"\" class=\"wp-image-2104\" srcset=\"https:\/\/bulltec.it\/wp-content\/uploads\/2026\/04\/Bulltec_RG_Macfrut_2025-1024x512.jpg 1024w, https:\/\/bulltec.it\/wp-content\/uploads\/2026\/04\/Bulltec_RG_Macfrut_2025-300x150.jpg 300w, https:\/\/bulltec.it\/wp-content\/uploads\/2026\/04\/Bulltec_RG_Macfrut_2025-768x384.jpg 768w, https:\/\/bulltec.it\/wp-content\/uploads\/2026\/04\/Bulltec_RG_Macfrut_2025-1536x768.jpg 1536w, https:\/\/bulltec.it\/wp-content\/uploads\/2026\/04\/Bulltec_RG_Macfrut_2025.jpg 1700w\" sizes=\"(max-width: 1024px) 100vw, 1024px\" \/><\/figure>\n\n<p>Para m\u00e1s informaci\u00f3n:<\/p>\n\n<p><strong>Bulltec<\/strong><br\/>Via Terni 330<br\/>47522 Cesena (FC) \u2013 Italy<br\/>+39 0547 1932254<br\/>+39 349 6923431<br\/><a href=\"mailto:ruggero@bulltec.it?subject=Articolo%20su%20FreshPlaza.it\" target=\"_blank\" rel=\"noreferrer noopener\">ruggero@bulltec.it<\/a><br\/><a href=\"http:\/\/www.bulltec.it\/\" target=\"_blank\" rel=\"noreferrer noopener\">www.bulltec.it<\/a><\/p>\n\n<figure class=\"wp-block-image size-full\"><img decoding=\"async\" width=\"868\" height=\"156\" src=\"https:\/\/bulltec.it\/wp-content\/uploads\/2026\/04\/macfrut-2.jpg\" alt=\"\" class=\"wp-image-2108\" srcset=\"https:\/\/bulltec.it\/wp-content\/uploads\/2026\/04\/macfrut-2.jpg 868w, https:\/\/bulltec.it\/wp-content\/uploads\/2026\/04\/macfrut-2-300x54.jpg 300w, https:\/\/bulltec.it\/wp-content\/uploads\/2026\/04\/macfrut-2-768x138.jpg 768w\" sizes=\"(max-width: 868px) 100vw, 868px\" \/><\/figure>\n","protected":false},"excerpt":{"rendered":"<p>Nos complace anunciar nuestra participaci\u00f3n en Macfrut 2025 \u2013 Fruit &amp; Veg Professional Show, que tendr\u00e1 lugar del 6 al 8 de mayo de 2025 en el Rimini \u2013 Expo Center, donde presentaremos nuestras innovadoras soluciones para el procesamiento y selecci\u00f3n de hortalizas y tub\u00e9rculos bajo las marcas BULLTEC y RG Impianti. En el sector [&hellip;]<\/p>\n","protected":false},"author":2,"featured_media":2898,"comment_status":"open","ping_status":"closed","sticky":false,"template":"","format":"standard","meta":{"footnotes":""},"categories":[17],"tags":[],"class_list":["post-2899","post","type-post","status-publish","format-standard","has-post-thumbnail","hentry","category-sin-categorizar"],"_links":{"self":[{"href":"https:\/\/bulltec.it\/es\/wp-json\/wp\/v2\/posts\/2899","targetHints":{"allow":["GET"]}}],"collection":[{"href":"https:\/\/bulltec.it\/es\/wp-json\/wp\/v2\/posts"}],"about":[{"href":"https:\/\/bulltec.it\/es\/wp-json\/wp\/v2\/types\/post"}],"author":[{"embeddable":true,"href":"https:\/\/bulltec.it\/es\/wp-json\/wp\/v2\/users\/2"}],"replies":[{"embeddable":true,"href":"https:\/\/bulltec.it\/es\/wp-json\/wp\/v2\/comments?post=2899"}],"version-history":[{"count":1,"href":"https:\/\/bulltec.it\/es\/wp-json\/wp\/v2\/posts\/2899\/revisions"}],"predecessor-version":[{"id":2900,"href":"https:\/\/bulltec.it\/es\/wp-json\/wp\/v2\/posts\/2899\/revisions\/2900"}],"wp:featuredmedia":[{"embeddable":true,"href":"https:\/\/bulltec.it\/es\/wp-json\/wp\/v2\/media\/2898"}],"wp:attachment":[{"href":"https:\/\/bulltec.it\/es\/wp-json\/wp\/v2\/media?parent=2899"}],"wp:term":[{"taxonomy":"category","embeddable":true,"href":"https:\/\/bulltec.it\/es\/wp-json\/wp\/v2\/categories?post=2899"},{"taxonomy":"post_tag","embeddable":true,"href":"https:\/\/bulltec.it\/es\/wp-json\/wp\/v2\/tags?post=2899"}],"curies":[{"name":"wp","href":"https:\/\/api.w.org\/{rel}","templated":true}]}}